{"id":3651,"date":"2017-12-14T09:20:47","date_gmt":"2017-12-14T08:20:47","guid":{"rendered":"http:\/\/ski-rp.com\/?p=3651"},"modified":"2018-03-21T09:18:10","modified_gmt":"2018-03-21T08:18:10","slug":"svecano-otvoren-drugi-fis-trofej-ravna-planina","status":"publish","type":"post","link":"https:\/\/www.ski-rp.com\/en\/svecano-otvoren-drugi-fis-trofej-ravna-planina\/","title":{"rendered":"Sve\u010dano otvoren drugi \u201cFIS trofej Ravna planina\u201d"},"content":{"rendered":"<p>Gradona\u010delnik Isto\u010dnog Sarajeva Nenad Vukovi\u0107 i na\u010delnik op\u0161tine Pale Bo\u0161ko Jugovi\u0107 otvorili su sino\u0107 na Palama drugi \u201cFIS trofej Ravna planina\u201d na kojem se o\u010dekuje u\u010de\u0161\u0107e 97 takmi\u010dara iz 26 zemalja.<\/p>\n<p>Direktor Smu\u010darskog kluba \u201cPale\u201d Igor \u0160ljuka rekao je da \u0107e se u\u010desnici, koji su stigli sa svih kontineta, takmi\u010diti u mu\u0161koj i \u017eenskoj konkurenciji.<!--more--><\/p>\n<p>On je dodao da prvi takmi\u010dar nastupa sutra u 9.30 \u010dasova.<\/p>\n<p>\u201cOvo je prilika za takmi\u010dare iz Republike Srpske za osvajanje norme za Zimske olimpijske igre 2018. godine u Koreji\u201d, rekao je \u0160ljuka na konferenciji za novinare u ski-centru.<\/p>\n<p>Vukovi\u0107 je istakao da je ovo va\u017ean doga\u0111aj za Smu\u010darski klub koji je uspio da organizuje fis trku.<\/p>\n<p>On je rekao da se za desetak dana o\u010dekuje pu\u0161tanje u rad kabinske gondole, \u0161to \u0107e biti istorijski trenutak kako za op\u0161tinu Pale, tako i za grad Isto\u010dno Sarajevo i Republiku Srpsku.<\/p>\n<p>Vukovi\u0107 smatra da u narednom periodu treba \u0161to vi\u0161e reklamirati Ski-centar \u201cRavna planina\u201d kao turisti\u010dku destinaciju i projekat gondole jer su svi ljudi, na \u010delu sa vlasnikom Veljkom Golijaninom, ulo\u017eili veliki trud, novac i entuzijazam.<\/p>\n<p>Na\u010delnik op\u0161tine Pale Bo\u0161ko Jugovi\u0107 rekao je da nijednog trenutka nije sumnjao u projekat koji je pokrenuo Golijanin i da je rije\u010d o respektabilnom projektu koji ne\u0107e biti konkurencija Jahorini, niti obrnuto.<\/p>\n<p>\u201cOvo je projekat na koji Pale mogu biti ponosne i koji \u0107e narednih dana biti definitivno zavr\u0161en\u201d, dodao je Jugovi\u0107.<\/p>\n<p>Predsjednik Skup\u0161tine op\u0161tine Pale Predrag Vu\u010di\u0107evi\u0107 pozdravio je realizaciju projekta kabinske gondole i organizaciju fis trke na Ravnoj planini.<\/p>\n<p>Golijanin je zahvalio svima koji su podr\u017eali ovaj projekat, te istakao da su prve kabine ve\u0107 krenule sa testiranjem ka izlaznoj me\u0111ustanici Ravna planina.<\/p>\n<p>Organizatori takmi\u010denja su kompanija \u201cMajneks\u201d sa Pala i Smu\u010darski klub \u201cPale\u201d.<\/p>\n<p>Zlatni sponzor takmi\u010denja je kompanija \u201cMajneks\u201d, a pokrovitelji ovogodi\u0161njeg \u201cFIS trofeja Ravna planina\u201d su Vlada Republike Srpske, Ministarstvo trgovine i turizma Srpske, Ministarstvo porodice, omladine i sporta Srpske, Ministarstvo civilnih poslova BiH i op\u0161tina Pale.<\/p>\n<p>Izvor: Srna<\/p>\n","protected":false},"excerpt":{"rendered":"<p>Gradona&#269;elnik Isto&#269;nog Sarajeva Nenad Vukovi&#263; i na&#269;elnik op&scaron;tine Pale Bo&scaron;ko Jugovi&#263; otvorili su sino&#263; na Palama drugi &ldquo;FIS trofej Ravna planina&rdquo; na kojem se o&#269;ekuje u&#269;e&scaron;&#263;e 97 takmi&#269;ara iz 26 zemalja. Direktor Smu&#269;arskog kluba &ldquo;Pale&rdquo; Igor &Scaron;ljuka rekao je da &#263;e se u&#269;esnici, koji su stigli sa svih kontineta, takmi&#269;iti u mu&scaron;koj i &#382;enskoj konkurenciji.<\/p>\n","protected":false},"author":1,"featured_media":3652,"comment_status":"closed","ping_status":"closed","sticky":false,"template":"","format":"standard","meta":{"inline_featured_image":false,"footnotes":""},"categories":[516],"tags":[],"class_list":["post-3651","post","type-post","status-publish","format-standard","has-post-thumbnail","hentry","category-novosti"],"_links":{"self":[{"href":"https:\/\/www.ski-rp.com\/en\/wp-json\/wp\/v2\/posts\/3651","targetHints":{"allow":["GET"]}}],"collection":[{"href":"https:\/\/www.ski-rp.com\/en\/wp-json\/wp\/v2\/posts"}],"about":[{"href":"https:\/\/www.ski-rp.com\/en\/wp-json\/wp\/v2\/types\/post"}],"author":[{"embeddable":true,"href":"https:\/\/www.ski-rp.com\/en\/wp-json\/wp\/v2\/users\/1"}],"replies":[{"embeddable":true,"href":"https:\/\/www.ski-rp.com\/en\/wp-json\/wp\/v2\/comments?post=3651"}],"version-history":[{"count":4,"href":"https:\/\/www.ski-rp.com\/en\/wp-json\/wp\/v2\/posts\/3651\/revisions"}],"predecessor-version":[{"id":3657,"href":"https:\/\/www.ski-rp.com\/en\/wp-json\/wp\/v2\/posts\/3651\/revisions\/3657"}],"wp:featuredmedia":[{"embeddable":true,"href":"https:\/\/www.ski-rp.com\/en\/wp-json\/wp\/v2\/media\/3652"}],"wp:attachment":[{"href":"https:\/\/www.ski-rp.com\/en\/wp-json\/wp\/v2\/media?parent=3651"}],"wp:term":[{"taxonomy":"category","embeddable":true,"href":"https:\/\/www.ski-rp.com\/en\/wp-json\/wp\/v2\/categories?post=3651"},{"taxonomy":"post_tag","embeddable":true,"href":"https:\/\/www.ski-rp.com\/en\/wp-json\/wp\/v2\/tags?post=3651"}],"curies":[{"name":"wp","href":"https:\/\/api.w.org\/{rel}","templated":true}]}}