{"id":4006,"date":"2018-03-09T14:51:25","date_gmt":"2018-03-09T13:51:25","guid":{"rendered":"http:\/\/ski-rp.com\/?p=4006"},"modified":"2018-03-15T15:02:08","modified_gmt":"2018-03-15T14:02:08","slug":"prvi-dan-takmicenja-majnex-cup-2018","status":"publish","type":"post","link":"https:\/\/www.ski-rp.com\/en\/prvi-dan-takmicenja-majnex-cup-2018\/","title":{"rendered":"Prvi dan takmi\u010denja \u201eMajnex cup 2018\u201c"},"content":{"rendered":"<p class=\"qtranxs-available-languages-message qtranxs-available-languages-message-en\">Sorry, this entry is only available in Serbian. For the sake of viewer convenience, the content is shown below in the alternative language. You may click the link to switch the active language.<\/p><p>Prvi dan dje\u010dije trke \u201eMajnex cup 2018\u201c iz kalendara Alpskog kupa BiH, koji je odr\u017ean na Ravnoj planini, pro\u0161ao je u najboljem redu. U\u010de\u0161\u0107e je uzelo oko 50 djece iz 12 klubova, a vo\u017eena je trka slaloma za uzrasne kategorije U-12, U-14 i U-16.<\/p>\n<p>Igor \u0160ljuka, jedan od organizatora i tehni\u010dki delegat, istakao je da su uslovi za odr\u017eavanje dana\u0161nje trke bili idealni i da se sutra, za kada je zakazan drugi dan takmi\u010denja, o\u010dekuje ve\u0107i broj u\u010desnika kao \u0161to je i najavljeno ranije.<\/p>\n<p>\u0160ljuka je dodao i da je ovom organizacijom ski centar \u201eRavna planina\u201c jo\u0161 jednom pokazao da i pored visokih temperatura za ovo doba godine mo\u017ee tehni\u010dki da izvede vrhunsku organizaciju jednog ovakvog doga\u0111aja bez problema.<\/p>\n<p>Senahid Godinjak direktor EYOF-a 2019, a danas u funkciji tehni\u010dkog delegata ovog takmi\u010denja, naglasio je da je na Ravnoj planini danas bio prire\u0111en \u201efestival skijanja\u201c jer su uslovi, prema njegovim rije\u010dima, bili idealni i za svakog takmi\u010dara identi\u010dni.<\/p>\n<p>Sutra je na programu veleslalom od 08:30 do 12 \u010dasova i organizatori o\u010dekuju ve\u0107i broj u\u010desnika jer \u0107e se takmi\u010diti vi\u0161e uzrasnih kategorija, a nakon zavr\u0161etka takmi\u010denja uslijedi\u0107e progla\u0161enje pobjednika i dodjela medalja za oba dana takmi\u010denja.<\/p>\n<p><div id='gallery-1' class='gallery galleryid-4006 gallery-columns-3 gallery-size-thumbnail'><figure class='gallery-item'>\n\t\t\t<div class='gallery-icon landscape'>\n\t\t\t\t<a href='https:\/\/www.ski-rp.com\/en\/prvi-dan-takmicenja-majnex-cup-2018\/cup\/'><img loading=\"lazy\" decoding=\"async\" width=\"150\" height=\"150\" src=\"https:\/\/www.ski-rp.com\/wp-content\/uploads\/2018\/03\/cup-150x150.jpg\" class=\"attachment-thumbnail size-thumbnail\" alt=\"\" \/><\/a>\n\t\t\t<\/div><\/figure><figure class='gallery-item'>\n\t\t\t<div class='gallery-icon landscape'>\n\t\t\t\t<a href='https:\/\/www.ski-rp.com\/en\/prvi-dan-takmicenja-majnex-cup-2018\/cup_1\/'><img loading=\"lazy\" decoding=\"async\" width=\"150\" height=\"150\" src=\"https:\/\/www.ski-rp.com\/wp-content\/uploads\/2018\/03\/cup_1-150x150.jpg\" class=\"attachment-thumbnail size-thumbnail\" alt=\"\" \/><\/a>\n\t\t\t<\/div><\/figure><figure class='gallery-item'>\n\t\t\t<div class='gallery-icon landscape'>\n\t\t\t\t<a href='https:\/\/www.ski-rp.com\/en\/prvi-dan-takmicenja-majnex-cup-2018\/cup_2\/'><img loading=\"lazy\" decoding=\"async\" width=\"150\" height=\"150\" src=\"https:\/\/www.ski-rp.com\/wp-content\/uploads\/2018\/03\/cup_2-150x150.jpg\" class=\"attachment-thumbnail size-thumbnail\" alt=\"\" \/><\/a>\n\t\t\t<\/div><\/figure><figure class='gallery-item'>\n\t\t\t<div class='gallery-icon landscape'>\n\t\t\t\t<a href='https:\/\/www.ski-rp.com\/en\/prvi-dan-takmicenja-majnex-cup-2018\/majnex_cup\/'><img loading=\"lazy\" decoding=\"async\" width=\"150\" height=\"150\" src=\"https:\/\/www.ski-rp.com\/wp-content\/uploads\/2018\/03\/majnex_cup-150x150.jpg\" class=\"attachment-thumbnail size-thumbnail\" alt=\"\" \/><\/a>\n\t\t\t<\/div><\/figure><figure class='gallery-item'>\n\t\t\t<div class='gallery-icon landscape'>\n\t\t\t\t<a href='https:\/\/www.ski-rp.com\/en\/prvi-dan-takmicenja-majnex-cup-2018\/senahidin\/'><img loading=\"lazy\" decoding=\"async\" width=\"150\" height=\"150\" src=\"https:\/\/www.ski-rp.com\/wp-content\/uploads\/2018\/03\/senahidin-150x150.jpg\" class=\"attachment-thumbnail size-thumbnail\" alt=\"\" \/><\/a>\n\t\t\t<\/div><\/figure><figure class='gallery-item'>\n\t\t\t<div class='gallery-icon portrait'>\n\t\t\t\t<a href='https:\/\/www.ski-rp.com\/en\/prvi-dan-takmicenja-majnex-cup-2018\/sljuka\/'><img loading=\"lazy\" decoding=\"async\" width=\"150\" height=\"150\" src=\"https:\/\/www.ski-rp.com\/wp-content\/uploads\/2018\/03\/sljuka-150x150.jpg\" class=\"attachment-thumbnail size-thumbnail\" alt=\"\" \/><\/a>\n\t\t\t<\/div><\/figure><figure class='gallery-item'>\n\t\t\t<div class='gallery-icon landscape'>\n\t\t\t\t<a href='https:\/\/www.ski-rp.com\/en\/prvi-dan-takmicenja-majnex-cup-2018\/trka\/'><img loading=\"lazy\" decoding=\"async\" width=\"150\" height=\"150\" src=\"https:\/\/www.ski-rp.com\/wp-content\/uploads\/2018\/03\/trka-150x150.jpg\" class=\"attachment-thumbnail size-thumbnail\" alt=\"\" \/><\/a>\n\t\t\t<\/div><\/figure><figure class='gallery-item'>\n\t\t\t<div class='gallery-icon landscape'>\n\t\t\t\t<a href='https:\/\/www.ski-rp.com\/en\/prvi-dan-takmicenja-majnex-cup-2018\/trkaci_1\/'><img loading=\"lazy\" decoding=\"async\" width=\"150\" height=\"150\" src=\"https:\/\/www.ski-rp.com\/wp-content\/uploads\/2018\/03\/trka\u010di_1-150x150.jpg\" class=\"attachment-thumbnail size-thumbnail\" alt=\"\" \/><\/a>\n\t\t\t<\/div><\/figure>\n\t\t<\/div>\n<\/p>","protected":false},"excerpt":{"rendered":"<p>Sorry, this entry is only available in Serbian. For the sake of viewer convenience, the content is shown below in the alternative language. You may click the link to switch the active language.Prvi dan dje&#269;ije trke &bdquo;Majnex cup 2018&ldquo; iz kalendara Alpskog kupa BiH, koji je odr&#382;an na Ravnoj planini, pro&scaron;ao je u najboljem redu. [&hellip;]<\/p>\n","protected":false},"author":2,"featured_media":4007,"comment_status":"closed","ping_status":"closed","sticky":false,"template":"","format":"standard","meta":{"inline_featured_image":false,"footnotes":""},"categories":[516],"tags":[],"class_list":["post-4006","post","type-post","status-publish","format-standard","has-post-thumbnail","hentry","category-novosti"],"_links":{"self":[{"href":"https:\/\/www.ski-rp.com\/en\/wp-json\/wp\/v2\/posts\/4006","targetHints":{"allow":["GET"]}}],"collection":[{"href":"https:\/\/www.ski-rp.com\/en\/wp-json\/wp\/v2\/posts"}],"about":[{"href":"https:\/\/www.ski-rp.com\/en\/wp-json\/wp\/v2\/types\/post"}],"author":[{"embeddable":true,"href":"https:\/\/www.ski-rp.com\/en\/wp-json\/wp\/v2\/users\/2"}],"replies":[{"embeddable":true,"href":"https:\/\/www.ski-rp.com\/en\/wp-json\/wp\/v2\/comments?post=4006"}],"version-history":[{"count":2,"href":"https:\/\/www.ski-rp.com\/en\/wp-json\/wp\/v2\/posts\/4006\/revisions"}],"predecessor-version":[{"id":4017,"href":"https:\/\/www.ski-rp.com\/en\/wp-json\/wp\/v2\/posts\/4006\/revisions\/4017"}],"wp:featuredmedia":[{"embeddable":true,"href":"https:\/\/www.ski-rp.com\/en\/wp-json\/wp\/v2\/media\/4007"}],"wp:attachment":[{"href":"https:\/\/www.ski-rp.com\/en\/wp-json\/wp\/v2\/media?parent=4006"}],"wp:term":[{"taxonomy":"category","embeddable":true,"href":"https:\/\/www.ski-rp.com\/en\/wp-json\/wp\/v2\/categories?post=4006"},{"taxonomy":"post_tag","embeddable":true,"href":"https:\/\/www.ski-rp.com\/en\/wp-json\/wp\/v2\/tags?post=4006"}],"curies":[{"name":"wp","href":"https:\/\/api.w.org\/{rel}","templated":true}]}}